{"id":786,"date":"2017-07-15T01:30:08","date_gmt":"2017-07-14T21:30:08","guid":{"rendered":"http:\/\/www.bkl974.re\/kase\/?p=786"},"modified":"2017-07-15T01:44:28","modified_gmt":"2017-07-14T21:44:28","slug":"un-vaisselier-part1","status":"publish","type":"post","link":"https:\/\/unemaisonsuruneile.re\/?p=786","title":{"rendered":"Un vaisselier part1"},"content":{"rendered":"<p>Comme mentionn\u00e9 dans le post pr\u00e9c\u00e9dent il nous faut un vaisselier. Bien \u00e9videmment comme toujours il n&rsquo;y a pas d&rsquo;angle droit la ou il sera&#8230; Il aura une forme g\u00e9n\u00e9rale triangulaire avec une face parall\u00e8le au plan de travail en face.<br \/>\nIl doit \u00eatre original, joli, en bois et servir de second plan de travail. \u00e7a en fait d\u00e9j\u00e0 beaucoup=) Je rajouterais qu&rsquo;il ne doit pas avoir cet aspect moderne laqu\u00e9 que l&rsquo;on voit partout \ud83d\ude41 c&rsquo;est pas trop notre truc le mdf laqu\u00e9 mais bon&#8230;.<br \/>\nApr\u00e8s avoir d\u00e9cid\u00e9 de ses dimensions et de son agencement un plan est n\u00e9 =) Il ressemblera \u00e0 \u00e7a en plus beau=)<br \/>\n<img loading=\"lazy\" decoding=\"async\" class=\"alignnone size-full wp-image-787\" src=\"http:\/\/www.bkl974.re\/kase\/wp-content\/uploads\/2017\/07\/meuble-frigo-final.jpg\" alt=\"\" width=\"1181\" height=\"872\" srcset=\"https:\/\/unemaisonsuruneile.re\/wp-content\/uploads\/2017\/07\/meuble-frigo-final.jpg 1181w, https:\/\/unemaisonsuruneile.re\/wp-content\/uploads\/2017\/07\/meuble-frigo-final-300x222.jpg 300w, https:\/\/unemaisonsuruneile.re\/wp-content\/uploads\/2017\/07\/meuble-frigo-final-768x567.jpg 768w, https:\/\/unemaisonsuruneile.re\/wp-content\/uploads\/2017\/07\/meuble-frigo-final-1024x756.jpg 1024w, https:\/\/unemaisonsuruneile.re\/wp-content\/uploads\/2017\/07\/meuble-frigo-final-150x111.jpg 150w\" sizes=\"auto, (max-width: 1181px) 100vw, 1181px\" \/><br \/>\nEn fait \u00e0 la base je voulais lui faire une structure en fer et l&rsquo;habiller ensuite par contrainte technique car il est assez grand plus de 2m de long et le cot\u00e9 le plus large plus de 80cm. \u00a0Pour \u00e9viter le cintrage des \u00e9tag\u00e8res qui supporteront le poids de beaucoup de vaisselle sur cette longueur le m\u00e9tal aurait \u00e9t\u00e9 id\u00e9al mais \u00e7a entra\u00eenait d&rsquo;autres contraintes d&rsquo;ordre esth\u00e9tique! On a pas du tout utilis\u00e9 de fer tout compte fait.<br \/>\nEn massif \u00e7a aurait consomm\u00e9 trop de bois pour rien avec les contraintes du massif \u00e0 savoir que \u00e7a travaille beaucoup le massif donc on part sur une structure en contre plaqu\u00e9 que l&rsquo;on habillera de bois exotique. A la r\u00e9union trouver du cp (contre plaqu\u00e9) d&rsquo;une bonne \u00e9paisseur c&rsquo;est compliqu\u00e9 et ch\u00e8re si on en trouve! \ud83d\ude15 \u00a0Pour la r\u00e9sistance souhait\u00e9 j&rsquo;ai besoin d&rsquo;une \u00e9paisseur de 30mm partout! On a donc contre coll\u00e9 des planches de 15mm pour avoir les 30mm recherch\u00e9. Et \u00e7a donne \u00e7a:<br \/>\n<img loading=\"lazy\" decoding=\"async\" class=\"alignnone size-full wp-image-788\" src=\"http:\/\/www.bkl974.re\/kase\/wp-content\/uploads\/2017\/07\/WP_20160825_001-1.jpg\" alt=\"\" width=\"1600\" height=\"898\" srcset=\"https:\/\/unemaisonsuruneile.re\/wp-content\/uploads\/2017\/07\/WP_20160825_001-1.jpg 1600w, https:\/\/unemaisonsuruneile.re\/wp-content\/uploads\/2017\/07\/WP_20160825_001-1-300x168.jpg 300w, https:\/\/unemaisonsuruneile.re\/wp-content\/uploads\/2017\/07\/WP_20160825_001-1-768x431.jpg 768w, https:\/\/unemaisonsuruneile.re\/wp-content\/uploads\/2017\/07\/WP_20160825_001-1-1024x575.jpg 1024w, https:\/\/unemaisonsuruneile.re\/wp-content\/uploads\/2017\/07\/WP_20160825_001-1-150x84.jpg 150w\" sizes=\"auto, (max-width: 1600px) 100vw, 1600px\" \/><br \/>\n<img loading=\"lazy\" decoding=\"async\" class=\"alignnone size-full wp-image-789\" src=\"http:\/\/www.bkl974.re\/kase\/wp-content\/uploads\/2017\/07\/WP_20160825_002-1.jpg\" alt=\"\" width=\"1600\" height=\"898\" srcset=\"https:\/\/unemaisonsuruneile.re\/wp-content\/uploads\/2017\/07\/WP_20160825_002-1.jpg 1600w, https:\/\/unemaisonsuruneile.re\/wp-content\/uploads\/2017\/07\/WP_20160825_002-1-300x168.jpg 300w, https:\/\/unemaisonsuruneile.re\/wp-content\/uploads\/2017\/07\/WP_20160825_002-1-768x431.jpg 768w, https:\/\/unemaisonsuruneile.re\/wp-content\/uploads\/2017\/07\/WP_20160825_002-1-1024x575.jpg 1024w, https:\/\/unemaisonsuruneile.re\/wp-content\/uploads\/2017\/07\/WP_20160825_002-1-150x84.jpg 150w\" sizes=\"auto, (max-width: 1600px) 100vw, 1600px\" \/><br \/>\nBon \u00e7a c&rsquo;\u00e9tait facile et rapide! Remarque c&rsquo;est moche mais c&rsquo;est solide et on va pouvoir commencer vraiment, on va l&rsquo;essayer en place un petit coup avant voir ce que \u00e7a donne<br \/>\n<img loading=\"lazy\" decoding=\"async\" class=\"alignnone size-full wp-image-790\" src=\"http:\/\/www.bkl974.re\/kase\/wp-content\/uploads\/2017\/07\/WP_20160825_005-1.jpg\" alt=\"\" width=\"1600\" height=\"898\" srcset=\"https:\/\/unemaisonsuruneile.re\/wp-content\/uploads\/2017\/07\/WP_20160825_005-1.jpg 1600w, https:\/\/unemaisonsuruneile.re\/wp-content\/uploads\/2017\/07\/WP_20160825_005-1-300x168.jpg 300w, https:\/\/unemaisonsuruneile.re\/wp-content\/uploads\/2017\/07\/WP_20160825_005-1-768x431.jpg 768w, https:\/\/unemaisonsuruneile.re\/wp-content\/uploads\/2017\/07\/WP_20160825_005-1-1024x575.jpg 1024w, https:\/\/unemaisonsuruneile.re\/wp-content\/uploads\/2017\/07\/WP_20160825_005-1-150x84.jpg 150w\" sizes=\"auto, (max-width: 1600px) 100vw, 1600px\" \/><br \/>\n\u00c7a marche l&rsquo;angle du meuble est bon, bien parall\u00e8le au dalles du sol et au plan de travail de l&rsquo;autre cot\u00e9, vous remarquerez peut \u00eatre que dans ce passage le sol a re\u00e7u une premi\u00e8re couche de vernis on y reviendra.<br \/>\nRetournons dans l&rsquo;atelier pour continuer c&rsquo;est loin d&rsquo;\u00eatre termin\u00e9!<br \/>\nOn a fait tourner les machines. J&rsquo;ai d\u00e9biter et rabot\u00e9 quantit\u00e9 de lamelles de tamarin pour couvrir le dessus et les cot\u00e9s int\u00e9rieur. J&rsquo;ai mis 7 ou 8 mm d&rsquo;\u00e9paisseur \u00a0si mes souvenir sont bons pour l&rsquo;usure, le rendu et la sensation au touch\u00e9=) c&rsquo;\u00e9tait un certain travail, une partie de faite:<br \/>\n<img loading=\"lazy\" decoding=\"async\" class=\"alignnone size-full wp-image-791\" src=\"http:\/\/www.bkl974.re\/kase\/wp-content\/uploads\/2017\/07\/WP_20160828_002-1.jpg\" alt=\"\" width=\"1600\" height=\"898\" srcset=\"https:\/\/unemaisonsuruneile.re\/wp-content\/uploads\/2017\/07\/WP_20160828_002-1.jpg 1600w, https:\/\/unemaisonsuruneile.re\/wp-content\/uploads\/2017\/07\/WP_20160828_002-1-300x168.jpg 300w, https:\/\/unemaisonsuruneile.re\/wp-content\/uploads\/2017\/07\/WP_20160828_002-1-768x431.jpg 768w, https:\/\/unemaisonsuruneile.re\/wp-content\/uploads\/2017\/07\/WP_20160828_002-1-1024x575.jpg 1024w, https:\/\/unemaisonsuruneile.re\/wp-content\/uploads\/2017\/07\/WP_20160828_002-1-150x84.jpg 150w\" sizes=\"auto, (max-width: 1600px) 100vw, 1600px\" \/><br \/>\nTout les dessus sont faits ainsi que les cot\u00e9s des 2 grandes \u00e9tag\u00e8res. Les serres joints tiennent une r\u00e9glette (assez \u00e9paisse) de bois de natte qui termine la fa\u00e7ade du plan de travail.<img loading=\"lazy\" decoding=\"async\" class=\"alignnone size-full wp-image-792\" src=\"http:\/\/www.bkl974.re\/kase\/wp-content\/uploads\/2017\/07\/WP_20160829_005-1.jpg\" alt=\"\" width=\"1600\" height=\"898\" srcset=\"https:\/\/unemaisonsuruneile.re\/wp-content\/uploads\/2017\/07\/WP_20160829_005-1.jpg 1600w, https:\/\/unemaisonsuruneile.re\/wp-content\/uploads\/2017\/07\/WP_20160829_005-1-300x168.jpg 300w, https:\/\/unemaisonsuruneile.re\/wp-content\/uploads\/2017\/07\/WP_20160829_005-1-768x431.jpg 768w, https:\/\/unemaisonsuruneile.re\/wp-content\/uploads\/2017\/07\/WP_20160829_005-1-1024x575.jpg 1024w, https:\/\/unemaisonsuruneile.re\/wp-content\/uploads\/2017\/07\/WP_20160829_005-1-150x84.jpg 150w\" sizes=\"auto, (max-width: 1600px) 100vw, 1600px\" \/><br \/>\nUne fois tout retir\u00e9 et les bords du plateau bien retaill\u00e9s il commence \u00e0 \u00eatre moins moche=) Les champs des \u00e9tag\u00e8res ont eu droit \u00e0 leur bois de natte aussi!<br \/>\n<img loading=\"lazy\" decoding=\"async\" class=\"alignnone size-full wp-image-793\" src=\"http:\/\/www.bkl974.re\/kase\/wp-content\/uploads\/2017\/07\/WP_20160830_002-1.jpg\" alt=\"\" width=\"1600\" height=\"898\" srcset=\"https:\/\/unemaisonsuruneile.re\/wp-content\/uploads\/2017\/07\/WP_20160830_002-1.jpg 1600w, https:\/\/unemaisonsuruneile.re\/wp-content\/uploads\/2017\/07\/WP_20160830_002-1-300x168.jpg 300w, https:\/\/unemaisonsuruneile.re\/wp-content\/uploads\/2017\/07\/WP_20160830_002-1-768x431.jpg 768w, https:\/\/unemaisonsuruneile.re\/wp-content\/uploads\/2017\/07\/WP_20160830_002-1-1024x575.jpg 1024w, https:\/\/unemaisonsuruneile.re\/wp-content\/uploads\/2017\/07\/WP_20160830_002-1-150x84.jpg 150w\" sizes=\"auto, (max-width: 1600px) 100vw, 1600px\" \/><br \/>\nCette fois on ne le voit pas bien mais on s&rsquo;occupe du cot\u00e9 gauche. Une fois \u00e0 sa place ce sera le cot\u00e9 bien visible du meuble qui lui donnera un certain charme (normalement), on y apporte une attention particuli\u00e8re, tout en tamarin massif ici en cours d&rsquo;ajustage et collage:<br \/>\n<img loading=\"lazy\" decoding=\"async\" class=\"alignnone size-full wp-image-794\" src=\"http:\/\/www.bkl974.re\/kase\/wp-content\/uploads\/2017\/07\/WP_20160831_002-1.jpg\" alt=\"\" width=\"1600\" height=\"898\" srcset=\"https:\/\/unemaisonsuruneile.re\/wp-content\/uploads\/2017\/07\/WP_20160831_002-1.jpg 1600w, https:\/\/unemaisonsuruneile.re\/wp-content\/uploads\/2017\/07\/WP_20160831_002-1-300x168.jpg 300w, https:\/\/unemaisonsuruneile.re\/wp-content\/uploads\/2017\/07\/WP_20160831_002-1-768x431.jpg 768w, https:\/\/unemaisonsuruneile.re\/wp-content\/uploads\/2017\/07\/WP_20160831_002-1-1024x575.jpg 1024w, https:\/\/unemaisonsuruneile.re\/wp-content\/uploads\/2017\/07\/WP_20160831_002-1-150x84.jpg 150w\" sizes=\"auto, (max-width: 1600px) 100vw, 1600px\" \/><br \/>\nEnsuite il faut pr\u00e9parer le premier pon\u00e7age. Je comble les petites asp\u00e9rit\u00e9s avec de l&rsquo;epoxy teint\u00e9 dans la masse avec la bonne essence de bois<br \/>\n<img loading=\"lazy\" decoding=\"async\" class=\"alignnone size-full wp-image-795\" src=\"http:\/\/www.bkl974.re\/kase\/wp-content\/uploads\/2017\/07\/WP_20160831_006-1.jpg\" alt=\"\" width=\"1600\" height=\"898\" srcset=\"https:\/\/unemaisonsuruneile.re\/wp-content\/uploads\/2017\/07\/WP_20160831_006-1.jpg 1600w, https:\/\/unemaisonsuruneile.re\/wp-content\/uploads\/2017\/07\/WP_20160831_006-1-300x168.jpg 300w, https:\/\/unemaisonsuruneile.re\/wp-content\/uploads\/2017\/07\/WP_20160831_006-1-768x431.jpg 768w, https:\/\/unemaisonsuruneile.re\/wp-content\/uploads\/2017\/07\/WP_20160831_006-1-1024x575.jpg 1024w, https:\/\/unemaisonsuruneile.re\/wp-content\/uploads\/2017\/07\/WP_20160831_006-1-150x84.jpg 150w\" sizes=\"auto, (max-width: 1600px) 100vw, 1600px\" \/><br \/>\nC&rsquo;est fait il fait nuit depuis un moment mais le premier pon\u00e7age d&rsquo;une bonne s\u00e9rie est termin\u00e9=) mais il y a encore du boulot!!<br \/>\n<img loading=\"lazy\" decoding=\"async\" class=\"alignnone size-full wp-image-796\" src=\"http:\/\/www.bkl974.re\/kase\/wp-content\/uploads\/2017\/07\/WP_20160902_002-1.jpg\" alt=\"\" width=\"1600\" height=\"898\" srcset=\"https:\/\/unemaisonsuruneile.re\/wp-content\/uploads\/2017\/07\/WP_20160902_002-1.jpg 1600w, https:\/\/unemaisonsuruneile.re\/wp-content\/uploads\/2017\/07\/WP_20160902_002-1-300x168.jpg 300w, https:\/\/unemaisonsuruneile.re\/wp-content\/uploads\/2017\/07\/WP_20160902_002-1-768x431.jpg 768w, https:\/\/unemaisonsuruneile.re\/wp-content\/uploads\/2017\/07\/WP_20160902_002-1-1024x575.jpg 1024w, https:\/\/unemaisonsuruneile.re\/wp-content\/uploads\/2017\/07\/WP_20160902_002-1-150x84.jpg 150w\" sizes=\"auto, (max-width: 1600px) 100vw, 1600px\" \/><br \/>\nLa suite dans un prochain \u00e9pisode=)<br \/>\nA plus \u00a0tard&#8230;.<\/p>\n","protected":false},"excerpt":{"rendered":"<p>Comme mentionn\u00e9 dans le post pr\u00e9c\u00e9dent il nous faut un vaisselier. Bien \u00e9videmment comme toujours il n&rsquo;y a pas d&rsquo;angle droit la ou il sera&#8230; Il aura une forme g\u00e9n\u00e9rale triangulaire avec une face parall\u00e8le au plan de travail en\u2026<\/p>\n<p> <a class=\"continue-reading-link\" href=\"https:\/\/unemaisonsuruneile.re\/?p=786\"><span>Continuer la lecture&#8230;<\/span><i class=\"crycon-right-dir\"><\/i><\/a> <\/p>\n","protected":false},"author":1,"featured_media":0,"comment_status":"open","ping_status":"open","sticky":false,"template":"","format":"standard","meta":{"_monsterinsights_skip_tracking":false,"_monsterinsights_sitenote_active":false,"_monsterinsights_sitenote_note":"","_monsterinsights_sitenote_category":0,"footnotes":""},"categories":[13,5,69],"tags":[61,91,70,7,15,89,45,93],"class_list":["post-786","post","type-post","status-publish","format-standard","hentry","category-cuisine","category-pas-a-pas","category-realisations","tag-bois-de-natte","tag-construire-sa-cuisine","tag-fabrication-de-meubles","tag-ile-de-la-reunion","tag-maison-sur-une-ile","tag-plan-de-travail","tag-travail-du-bois","tag-vaisselier"],"_links":{"self":[{"href":"https:\/\/unemaisonsuruneile.re\/index.php?rest_route=\/wp\/v2\/posts\/786","targetHints":{"allow":["GET"]}}],"collection":[{"href":"https:\/\/unemaisonsuruneile.re\/index.php?rest_route=\/wp\/v2\/posts"}],"about":[{"href":"https:\/\/unemaisonsuruneile.re\/index.php?rest_route=\/wp\/v2\/types\/post"}],"author":[{"embeddable":true,"href":"https:\/\/unemaisonsuruneile.re\/index.php?rest_route=\/wp\/v2\/users\/1"}],"replies":[{"embeddable":true,"href":"https:\/\/unemaisonsuruneile.re\/index.php?rest_route=%2Fwp%2Fv2%2Fcomments&post=786"}],"version-history":[{"count":5,"href":"https:\/\/unemaisonsuruneile.re\/index.php?rest_route=\/wp\/v2\/posts\/786\/revisions"}],"predecessor-version":[{"id":801,"href":"https:\/\/unemaisonsuruneile.re\/index.php?rest_route=\/wp\/v2\/posts\/786\/revisions\/801"}],"wp:attachment":[{"href":"https:\/\/unemaisonsuruneile.re\/index.php?rest_route=%2Fwp%2Fv2%2Fmedia&parent=786"}],"wp:term":[{"taxonomy":"category","embeddable":true,"href":"https:\/\/unemaisonsuruneile.re\/index.php?rest_route=%2Fwp%2Fv2%2Fcategories&post=786"},{"taxonomy":"post_tag","embeddable":true,"href":"https:\/\/unemaisonsuruneile.re\/index.php?rest_route=%2Fwp%2Fv2%2Ftags&post=786"}],"curies":[{"name":"wp","href":"https:\/\/api.w.org\/{rel}","templated":true}]}}