{"id":807,"date":"2017-08-18T19:26:26","date_gmt":"2017-08-18T15:26:26","guid":{"rendered":"http:\/\/www.bkl974.re\/kase\/?p=807"},"modified":"2017-08-18T19:26:26","modified_gmt":"2017-08-18T15:26:26","slug":"un-vaisselier-part2","status":"publish","type":"post","link":"https:\/\/unemaisonsuruneile.re\/?p=807","title":{"rendered":"Un vaisselier part2"},"content":{"rendered":"<p>On a termin\u00e9 la structure il faut peaufiner maintenant=)<br \/>\nTout d\u2019abord une porte \u00e0 droite et des tiroirs en bas<br \/>\n<img loading=\"lazy\" decoding=\"async\" class=\"alignnone size-full wp-image-808\" src=\"http:\/\/www.bkl974.re\/kase\/wp-content\/uploads\/2017\/08\/WP_20160909_003-1.jpg\" alt=\"\" width=\"1600\" height=\"898\" srcset=\"https:\/\/unemaisonsuruneile.re\/wp-content\/uploads\/2017\/08\/WP_20160909_003-1.jpg 1600w, https:\/\/unemaisonsuruneile.re\/wp-content\/uploads\/2017\/08\/WP_20160909_003-1-300x168.jpg 300w, https:\/\/unemaisonsuruneile.re\/wp-content\/uploads\/2017\/08\/WP_20160909_003-1-768x431.jpg 768w, https:\/\/unemaisonsuruneile.re\/wp-content\/uploads\/2017\/08\/WP_20160909_003-1-1024x575.jpg 1024w, https:\/\/unemaisonsuruneile.re\/wp-content\/uploads\/2017\/08\/WP_20160909_003-1-150x84.jpg 150w\" sizes=\"auto, (max-width: 1600px) 100vw, 1600px\" \/><br \/>\nLes couleurs ne sont pas d\u00e9finitives il va y avoir du noir. Pour le moment on a monter ces derniers \u00e9l\u00e9ments \u00e0 blanc pour nous rendre compte du poids de la b\u00eate!<br \/>\nOn tente&#8230;<br \/>\n<img loading=\"lazy\" decoding=\"async\" class=\"alignnone size-full wp-image-809\" src=\"http:\/\/www.bkl974.re\/kase\/wp-content\/uploads\/2017\/08\/WP_20160909_005-1.jpg\" alt=\"\" width=\"1600\" height=\"898\" srcset=\"https:\/\/unemaisonsuruneile.re\/wp-content\/uploads\/2017\/08\/WP_20160909_005-1.jpg 1600w, https:\/\/unemaisonsuruneile.re\/wp-content\/uploads\/2017\/08\/WP_20160909_005-1-300x168.jpg 300w, https:\/\/unemaisonsuruneile.re\/wp-content\/uploads\/2017\/08\/WP_20160909_005-1-768x431.jpg 768w, https:\/\/unemaisonsuruneile.re\/wp-content\/uploads\/2017\/08\/WP_20160909_005-1-1024x575.jpg 1024w, https:\/\/unemaisonsuruneile.re\/wp-content\/uploads\/2017\/08\/WP_20160909_005-1-150x84.jpg 150w\" sizes=\"auto, (max-width: 1600px) 100vw, 1600px\" \/><br \/>\nDe toute \u00e9vidence on va devoir beaucoup forcer pour ramener \u00e7a dans la cuisine et comme il est trop large pour la porte arri\u00e8re de la cuisine on va devoir faire le tour de la maison!!! \u00c7a nous a pris 45 minutes pour le transporter\u00a0 \ud83d\ude15\u00a0<img loading=\"lazy\" decoding=\"async\" class=\"alignnone size-full wp-image-810\" src=\"http:\/\/www.bkl974.re\/kase\/wp-content\/uploads\/2017\/08\/WP_20160909_006-1.jpg\" alt=\"\" width=\"1600\" height=\"898\" srcset=\"https:\/\/unemaisonsuruneile.re\/wp-content\/uploads\/2017\/08\/WP_20160909_006-1.jpg 1600w, https:\/\/unemaisonsuruneile.re\/wp-content\/uploads\/2017\/08\/WP_20160909_006-1-300x168.jpg 300w, https:\/\/unemaisonsuruneile.re\/wp-content\/uploads\/2017\/08\/WP_20160909_006-1-768x431.jpg 768w, https:\/\/unemaisonsuruneile.re\/wp-content\/uploads\/2017\/08\/WP_20160909_006-1-1024x575.jpg 1024w, https:\/\/unemaisonsuruneile.re\/wp-content\/uploads\/2017\/08\/WP_20160909_006-1-150x84.jpg 150w\" sizes=\"auto, (max-width: 1600px) 100vw, 1600px\" \/><br \/>\nEnfin le vaisselier est \u00e0 sa place &#8230; pas la peine de pr\u00e9ciser qu&rsquo;on est pas pr\u00eat de le changer de pi\u00e8ce=)<br \/>\nps: on a entre temps repeint le sol \u00e0 son emplacement.<br \/>\nIl manque encore beaucoup de d\u00e9tails qui attendent dans l&rsquo;atelier, les pieds, les tiroirs, la porte, le support en fer pour la grande \u00e9tag\u00e8re centrale euhh&#8230;les poign\u00e9es et un coup d&rsquo;huile sur tout le bois!<br \/>\nOn ram\u00e8ne le reste et on place le tout:<br \/>\n<img loading=\"lazy\" decoding=\"async\" class=\"alignnone size-full wp-image-811\" src=\"http:\/\/www.bkl974.re\/kase\/wp-content\/uploads\/2017\/08\/WP_20160913_009-1.jpg\" alt=\"\" width=\"1600\" height=\"898\" srcset=\"https:\/\/unemaisonsuruneile.re\/wp-content\/uploads\/2017\/08\/WP_20160913_009-1.jpg 1600w, https:\/\/unemaisonsuruneile.re\/wp-content\/uploads\/2017\/08\/WP_20160913_009-1-300x168.jpg 300w, https:\/\/unemaisonsuruneile.re\/wp-content\/uploads\/2017\/08\/WP_20160913_009-1-768x431.jpg 768w, https:\/\/unemaisonsuruneile.re\/wp-content\/uploads\/2017\/08\/WP_20160913_009-1-1024x575.jpg 1024w, https:\/\/unemaisonsuruneile.re\/wp-content\/uploads\/2017\/08\/WP_20160913_009-1-150x84.jpg 150w\" sizes=\"auto, (max-width: 1600px) 100vw, 1600px\" \/><br \/>\n<img loading=\"lazy\" decoding=\"async\" class=\"alignnone size-full wp-image-813\" src=\"http:\/\/www.bkl974.re\/kase\/wp-content\/uploads\/2017\/08\/WP_20160913_006-1.jpg\" alt=\"\" width=\"1600\" height=\"898\" srcset=\"https:\/\/unemaisonsuruneile.re\/wp-content\/uploads\/2017\/08\/WP_20160913_006-1.jpg 1600w, https:\/\/unemaisonsuruneile.re\/wp-content\/uploads\/2017\/08\/WP_20160913_006-1-300x168.jpg 300w, https:\/\/unemaisonsuruneile.re\/wp-content\/uploads\/2017\/08\/WP_20160913_006-1-768x431.jpg 768w, https:\/\/unemaisonsuruneile.re\/wp-content\/uploads\/2017\/08\/WP_20160913_006-1-1024x575.jpg 1024w, https:\/\/unemaisonsuruneile.re\/wp-content\/uploads\/2017\/08\/WP_20160913_006-1-150x84.jpg 150w\" sizes=\"auto, (max-width: 1600px) 100vw, 1600px\" \/><br \/>\nOn ne touche pas encore le mur car faut r\u00e9gler les pieds m\u00eame si on ne les voit pas.<br \/>\nJ&rsquo;ai fait des petits poign\u00e9es en bois que j&rsquo;ai creus\u00e9 pour y mettre de l&rsquo;epoxy teint\u00e9 de blanc apr\u00e8s r\u00e9flexion c&rsquo;est plus beau avec la porte sans poign\u00e9e donc&#8230;=)<br \/>\n<img loading=\"lazy\" decoding=\"async\" class=\"alignnone size-full wp-image-814\" src=\"http:\/\/www.bkl974.re\/kase\/wp-content\/uploads\/2017\/08\/WP_20160913_010-1.jpg\" alt=\"\" width=\"1600\" height=\"898\" srcset=\"https:\/\/unemaisonsuruneile.re\/wp-content\/uploads\/2017\/08\/WP_20160913_010-1.jpg 1600w, https:\/\/unemaisonsuruneile.re\/wp-content\/uploads\/2017\/08\/WP_20160913_010-1-300x168.jpg 300w, https:\/\/unemaisonsuruneile.re\/wp-content\/uploads\/2017\/08\/WP_20160913_010-1-768x431.jpg 768w, https:\/\/unemaisonsuruneile.re\/wp-content\/uploads\/2017\/08\/WP_20160913_010-1-1024x575.jpg 1024w, https:\/\/unemaisonsuruneile.re\/wp-content\/uploads\/2017\/08\/WP_20160913_010-1-150x84.jpg 150w\" sizes=\"auto, (max-width: 1600px) 100vw, 1600px\" \/><br \/>\nEn parall\u00e8le on a fait une petite boite sur mesure pour le micro-onde \u00a0qui sera suspendu au dessus du vaisselier<br \/>\n<img loading=\"lazy\" decoding=\"async\" class=\"alignnone size-full wp-image-815\" src=\"http:\/\/www.bkl974.re\/kase\/wp-content\/uploads\/2017\/08\/WP_20160916_001-1.jpg\" alt=\"\" width=\"1600\" height=\"898\" srcset=\"https:\/\/unemaisonsuruneile.re\/wp-content\/uploads\/2017\/08\/WP_20160916_001-1.jpg 1600w, https:\/\/unemaisonsuruneile.re\/wp-content\/uploads\/2017\/08\/WP_20160916_001-1-300x168.jpg 300w, https:\/\/unemaisonsuruneile.re\/wp-content\/uploads\/2017\/08\/WP_20160916_001-1-768x431.jpg 768w, https:\/\/unemaisonsuruneile.re\/wp-content\/uploads\/2017\/08\/WP_20160916_001-1-1024x575.jpg 1024w, https:\/\/unemaisonsuruneile.re\/wp-content\/uploads\/2017\/08\/WP_20160916_001-1-150x84.jpg 150w\" sizes=\"auto, (max-width: 1600px) 100vw, 1600px\" \/><br \/>\nCe petit module sera peint un coup noir un coup bois, je n&rsquo;\u00e9tais pas super convaincu mais \u00e7a passe bien!<br \/>\n<strong>On peut dire que le vaisselier est fini\u00a0<\/strong><br \/>\nD&rsquo;ailleurs rien ne m\u2019emp\u00eache de mettre une photo d&rsquo;ensemble de cette partie de cuisine telle qu&rsquo;elle est aujourd&rsquo;hui. Je ne vous montre pas encore la ou je me tiens pour prendre la photo car il y a eu du changement de ce cot\u00e9=)<br \/>\n<img loading=\"lazy\" decoding=\"async\" class=\"alignnone size-full wp-image-816\" src=\"http:\/\/www.bkl974.re\/kase\/wp-content\/uploads\/2017\/08\/IMG_7775-1.jpg\" alt=\"\" width=\"1600\" height=\"1200\" srcset=\"https:\/\/unemaisonsuruneile.re\/wp-content\/uploads\/2017\/08\/IMG_7775-1.jpg 1600w, https:\/\/unemaisonsuruneile.re\/wp-content\/uploads\/2017\/08\/IMG_7775-1-300x225.jpg 300w, https:\/\/unemaisonsuruneile.re\/wp-content\/uploads\/2017\/08\/IMG_7775-1-768x576.jpg 768w, https:\/\/unemaisonsuruneile.re\/wp-content\/uploads\/2017\/08\/IMG_7775-1-1024x768.jpg 1024w, https:\/\/unemaisonsuruneile.re\/wp-content\/uploads\/2017\/08\/IMG_7775-1-150x113.jpg 150w\" sizes=\"auto, (max-width: 1600px) 100vw, 1600px\" \/><br \/>\nQuant on sort du couloir et qu&rsquo;on arrive dans la cuisine le matin c&rsquo;est plut\u00f4t agr\u00e9able=) cette photo a quelques semaines il y a un peu plus de plantes encore!<br \/>\nC&rsquo;\u00e9tait un peu de boulot =) mais \u00e7a valait le coup.<br \/>\nA plus tard pour la suite&#8230;.<\/p>\n","protected":false},"excerpt":{"rendered":"<p>On a termin\u00e9 la structure il faut peaufiner maintenant=) Tout d\u2019abord une porte \u00e0 droite et des tiroirs en bas Les couleurs ne sont pas d\u00e9finitives il va y avoir du noir. Pour le moment on a monter ces derniers\u2026<\/p>\n<p> <a class=\"continue-reading-link\" href=\"https:\/\/unemaisonsuruneile.re\/?p=807\"><span>Continuer la lecture&#8230;<\/span><i class=\"crycon-right-dir\"><\/i><\/a> <\/p>\n","protected":false},"author":1,"featured_media":0,"comment_status":"open","ping_status":"open","sticky":false,"template":"","format":"standard","meta":{"_monsterinsights_skip_tracking":false,"_monsterinsights_sitenote_active":false,"_monsterinsights_sitenote_note":"","_monsterinsights_sitenote_category":0,"footnotes":""},"categories":[13,5,69],"tags":[61,91,70,7,15,89,94,45,93],"class_list":["post-807","post","type-post","status-publish","format-standard","hentry","category-cuisine","category-pas-a-pas","category-realisations","tag-bois-de-natte","tag-construire-sa-cuisine","tag-fabrication-de-meubles","tag-ile-de-la-reunion","tag-maison-sur-une-ile","tag-plan-de-travail","tag-plantes","tag-travail-du-bois","tag-vaisselier"],"_links":{"self":[{"href":"https:\/\/unemaisonsuruneile.re\/index.php?rest_route=\/wp\/v2\/posts\/807","targetHints":{"allow":["GET"]}}],"collection":[{"href":"https:\/\/unemaisonsuruneile.re\/index.php?rest_route=\/wp\/v2\/posts"}],"about":[{"href":"https:\/\/unemaisonsuruneile.re\/index.php?rest_route=\/wp\/v2\/types\/post"}],"author":[{"embeddable":true,"href":"https:\/\/unemaisonsuruneile.re\/index.php?rest_route=\/wp\/v2\/users\/1"}],"replies":[{"embeddable":true,"href":"https:\/\/unemaisonsuruneile.re\/index.php?rest_route=%2Fwp%2Fv2%2Fcomments&post=807"}],"version-history":[{"count":2,"href":"https:\/\/unemaisonsuruneile.re\/index.php?rest_route=\/wp\/v2\/posts\/807\/revisions"}],"predecessor-version":[{"id":818,"href":"https:\/\/unemaisonsuruneile.re\/index.php?rest_route=\/wp\/v2\/posts\/807\/revisions\/818"}],"wp:attachment":[{"href":"https:\/\/unemaisonsuruneile.re\/index.php?rest_route=%2Fwp%2Fv2%2Fmedia&parent=807"}],"wp:term":[{"taxonomy":"category","embeddable":true,"href":"https:\/\/unemaisonsuruneile.re\/index.php?rest_route=%2Fwp%2Fv2%2Fcategories&post=807"},{"taxonomy":"post_tag","embeddable":true,"href":"https:\/\/unemaisonsuruneile.re\/index.php?rest_route=%2Fwp%2Fv2%2Ftags&post=807"}],"curies":[{"name":"wp","href":"https:\/\/api.w.org\/{rel}","templated":true}]}}